{"id":6747,"date":"2024-11-21T13:01:05","date_gmt":"2024-11-21T13:01:05","guid":{"rendered":"https:\/\/ibsal.es\/the-hospital-reaffirms-its-award-for-best-car-t-therapy-unit-in-spain-and-receives-two-more-awards\/"},"modified":"2025-03-10T17:29:35","modified_gmt":"2025-03-10T17:29:35","slug":"the-hospital-reaffirms-its-award-for-best-car-t-therapy-unit-in-spain-and-receives-two-more-awards","status":"publish","type":"post","link":"https:\/\/ibsal.es\/en\/the-hospital-reaffirms-its-award-for-best-car-t-therapy-unit-in-spain-and-receives-two-more-awards\/","title":{"rendered":"The Hospital reaffirms its award for best CAR-T Therapy Unit in Spain and receives two more awards"},"content":{"rendered":"\n<p><strong>The Complejo Asistencial Universitario de Salamanca harvests in a single afternoon three new distinctions at national level.<\/strong><\/p>\n\n<div style=\"height:25px\" aria-hidden=\"true\" class=\"wp-block-spacer\"><\/div>\n\n<p><strong>The University Hospital of Salamanca has received in a single afternoon three awards<\/strong> that recognize the excellence of the Salamanca complex in very different areas of action.<\/p>\n\n<div style=\"height:25px\" aria-hidden=\"true\" class=\"wp-block-spacer\"><\/div>\n\n<p>The <strong>Best in Class <\/strong>awards -one of the most important in Spain- have crowned Salamanca as the<strong> &#8216;Best Reference Unit in CAR-T Cellular Therapies<\/strong>&#8216;. This award serves to revalidate the distinction already obtained in the year 2023 and this has a special value. Just as in other awards the first classified usually &#8216;rotate&#8217; so that the same person does not always win, in this case it is really about rewarding the best and the specialists who are in charge of voting maintain that <strong>Hematology in Salamanca continues to be the national leader<\/strong> over &#8216;giants&#8217; such as the Hospital Sant Joan de Deu, Hospital de Valencia, Virgen del Roc\u00edo and Gregorio Mara\u00f1\u00f3n.<\/p>\n\n<div style=\"height:25px\" aria-hidden=\"true\" class=\"wp-block-spacer\"><\/div>\n\n<p>The head of Hematology, Ferm\u00edn S\u00e1nchez-Guijo, was accompanied by the manager of the Complejo Asistencial Universitario de Salamanca, Carmen Rodr\u00edguez Pajares, at the reception of this award.<\/p>\n\n<div style=\"height:25px\" aria-hidden=\"true\" class=\"wp-block-spacer\"><\/div>\n\n<figure class=\"wp-block-image\"><img decoding=\"async\" src=\"https:\/\/ibsal.es\/images\/IMG-20241119-WA0019-R6VXZm2z31RPPzfSRHWBqjO-1200x840Gaceta_Salamanca.webp\" alt=\"IMG 20241119 WA0019 R6VXZm2z31RPPzfSRHWBqjO 1200x840Gaceta Salamanca\"\/><\/figure>\n\n<div style=\"height:25px\" aria-hidden=\"true\" class=\"wp-block-spacer\"><\/div>\n\n<p>At the same gala, the Complejo Asistencial Universitario de Salamanca was also a<strong> finalist in the category of &#8216;Best High Complexity Hospital&#8217;.<\/strong><\/p>\n\n<div style=\"height:25px\" aria-hidden=\"true\" class=\"wp-block-spacer\"><\/div>\n\n<p>On the other hand, the Complejo Asistencial Universitario de Salamanca <strong>also attended the Ennova Health Awards, where it won two other first places<\/strong> in the category &#8216;Telehealth and E-Learning: patient safety communication project&#8217; &#8211; Rub\u00e9n Ca\u00f1izares received the award &#8211; and in the category &#8216;Big data and Artificial Intelligence: expert system for lipid control&#8217;, thanks to a project carried out by the Cardiology service through the IBSAL. Those in charge of receiving the award were cardiologists Pedro Luis S\u00e1nchez -head of service- and Dr. Armando Oterino.<\/p>\n\n<div style=\"height:25px\" aria-hidden=\"true\" class=\"wp-block-spacer\"><\/div>\n\n<p>These three awards put the finishing touch to a month in which the Complejo Asistencial Universitario de Salamanca has received <a href=\"https:\/\/www.lagacetadesalamanca.es\/salamanca\/salamanca-recibe-premio-mejor-uci-hospitales-publicos-20241015191920-nt.html\" target=\"_blank\" rel=\"noreferrer noopener\">multiple national awards<\/a>.<\/p>\n\n<div style=\"height:25px\" aria-hidden=\"true\" class=\"wp-block-spacer\"><\/div>\n\n<p>Source: <a href=\"https:\/\/www.lagacetadesalamanca.es\/salamanca\/hospital-revalida-premio-mejor-unidad-terapias-cart-20241119191541-nt.html\">La Gaceta<\/a><\/p>\n\n<figure class=\"wp-block-image\"><img decoding=\"async\" src=\"https:\/\/ibsal.es\/images\/IMG-20241119-WA0017_241119213419.jpg\" alt=\"IMG 20241119 WA0017 241119213419\"\/><\/figure>\n","protected":false},"excerpt":{"rendered":"<p>The Complejo Asistencial Universitario de Salamanca harvests in a single afternoon three new distinctions at national level. The University Hospital of Salamanca has received in a single afternoon three awards [&hellip;]<\/p>\n","protected":false},"author":3,"featured_media":6342,"comment_status":"closed","ping_status":"closed","sticky":false,"template":"","format":"standard","meta":{"_acf_changed":false,"_price":"","_stock":"","_tribe_ticket_header":"","_tribe_default_ticket_provider":"","_tribe_ticket_capacity":"0","_ticket_start_date":"","_ticket_end_date":"","_tribe_ticket_show_description":"","_tribe_ticket_show_not_going":false,"_tribe_ticket_use_global_stock":"","_tribe_ticket_global_stock_level":"","_global_stock_mode":"","_global_stock_cap":"","_tribe_rsvp_for_event":"","_tribe_ticket_going_count":"","_tribe_ticket_not_going_count":"","_tribe_tickets_list":"[]","_tribe_ticket_has_attendee_info_fields":false,"footnotes":""},"categories":[238],"tags":[247],"class_list":["post-6747","post","type-post","status-publish","format-standard","has-post-thumbnail","hentry","category-news","tag-awards"],"acf":[],"yoast_head":"<!-- This site is optimized with the Yoast SEO Premium plugin v20.12 (Yoast SEO v27.5) - https:\/\/yoast.com\/product\/yoast-seo-premium-wordpress\/ -->\n<title>The Hospital reaffirms its award for best CAR-T Therapy Unit in Spain and receives two more awards | IBSAL<\/title>\n<meta name=\"robots\" content=\"index, follow, max-snippet:-1, max-image-preview:large, max-video-preview:-1\" \/>\n<link rel=\"canonical\" href=\"https:\/\/ibsal.es\/en\/the-hospital-reaffirms-its-award-for-best-car-t-therapy-unit-in-spain-and-receives-two-more-awards\/\" \/>\n<meta property=\"og:locale\" content=\"en_US\" \/>\n<meta property=\"og:type\" content=\"article\" \/>\n<meta property=\"og:title\" content=\"The Hospital reaffirms its award for best CAR-T Therapy Unit in Spain and receives two more awards\" \/>\n<meta property=\"og:description\" content=\"The Complejo Asistencial Universitario de Salamanca harvests in a single afternoon three new distinctions at national level. The University Hospital of Salamanca has received in a single afternoon three awards [&hellip;]\" \/>\n<meta property=\"og:url\" content=\"https:\/\/ibsal.es\/en\/the-hospital-reaffirms-its-award-for-best-car-t-therapy-unit-in-spain-and-receives-two-more-awards\/\" \/>\n<meta property=\"og:site_name\" content=\"IBSAL\" \/>\n<meta property=\"article:published_time\" content=\"2024-11-21T13:01:05+00:00\" \/>\n<meta property=\"article:modified_time\" content=\"2025-03-10T17:29:35+00:00\" \/>\n<meta property=\"og:image\" content=\"https:\/\/ibsal.es\/wp-content\/uploads\/2024\/11\/IMG-20241119-WA0019-R6VXZm2z31RPPzfSRHWBqjO-1200x840@Gaceta-Salamanca-e1732539803917.webp\" \/>\n\t<meta property=\"og:image:width\" content=\"1200\" \/>\n\t<meta property=\"og:image:height\" content=\"676\" \/>\n\t<meta property=\"og:image:type\" content=\"image\/webp\" \/>\n<meta name=\"author\" content=\"Sergi\" \/>\n<meta name=\"twitter:card\" content=\"summary_large_image\" \/>\n<meta name=\"twitter:label1\" content=\"Written by\" \/>\n\t<meta name=\"twitter:data1\" content=\"Sergi\" \/>\n\t<meta name=\"twitter:label2\" content=\"Est. reading time\" \/>\n\t<meta name=\"twitter:data2\" content=\"2 minutes\" \/>\n<script type=\"application\/ld+json\" class=\"yoast-schema-graph\">{\"@context\":\"https:\\\/\\\/schema.org\",\"@graph\":[{\"@type\":\"Article\",\"@id\":\"https:\\\/\\\/ibsal.es\\\/en\\\/the-hospital-reaffirms-its-award-for-best-car-t-therapy-unit-in-spain-and-receives-two-more-awards\\\/#article\",\"isPartOf\":{\"@id\":\"https:\\\/\\\/ibsal.es\\\/en\\\/the-hospital-reaffirms-its-award-for-best-car-t-therapy-unit-in-spain-and-receives-two-more-awards\\\/\"},\"author\":{\"name\":\"Sergi\",\"@id\":\"https:\\\/\\\/ibsal.es\\\/en\\\/#\\\/schema\\\/person\\\/34ba5672452d5f86b117e6cb49a6bb97\"},\"headline\":\"The Hospital reaffirms its award for best CAR-T Therapy Unit in Spain and receives two more awards\",\"datePublished\":\"2024-11-21T13:01:05+00:00\",\"dateModified\":\"2025-03-10T17:29:35+00:00\",\"mainEntityOfPage\":{\"@id\":\"https:\\\/\\\/ibsal.es\\\/en\\\/the-hospital-reaffirms-its-award-for-best-car-t-therapy-unit-in-spain-and-receives-two-more-awards\\\/\"},\"wordCount\":340,\"image\":{\"@id\":\"https:\\\/\\\/ibsal.es\\\/en\\\/the-hospital-reaffirms-its-award-for-best-car-t-therapy-unit-in-spain-and-receives-two-more-awards\\\/#primaryimage\"},\"thumbnailUrl\":\"https:\\\/\\\/ibsal.es\\\/wp-content\\\/uploads\\\/2024\\\/11\\\/IMG-20241119-WA0019-R6VXZm2z31RPPzfSRHWBqjO-1200x840@Gaceta-Salamanca-e1732539803917.webp\",\"keywords\":[\"Awards\"],\"articleSection\":[\"News\"],\"inLanguage\":\"en-US\"},{\"@type\":\"WebPage\",\"@id\":\"https:\\\/\\\/ibsal.es\\\/en\\\/the-hospital-reaffirms-its-award-for-best-car-t-therapy-unit-in-spain-and-receives-two-more-awards\\\/\",\"url\":\"https:\\\/\\\/ibsal.es\\\/en\\\/the-hospital-reaffirms-its-award-for-best-car-t-therapy-unit-in-spain-and-receives-two-more-awards\\\/\",\"name\":\"The Hospital reaffirms its award for best CAR-T Therapy Unit in Spain and receives two more awards | IBSAL\",\"isPartOf\":{\"@id\":\"https:\\\/\\\/ibsal.es\\\/en\\\/#website\"},\"primaryImageOfPage\":{\"@id\":\"https:\\\/\\\/ibsal.es\\\/en\\\/the-hospital-reaffirms-its-award-for-best-car-t-therapy-unit-in-spain-and-receives-two-more-awards\\\/#primaryimage\"},\"image\":{\"@id\":\"https:\\\/\\\/ibsal.es\\\/en\\\/the-hospital-reaffirms-its-award-for-best-car-t-therapy-unit-in-spain-and-receives-two-more-awards\\\/#primaryimage\"},\"thumbnailUrl\":\"https:\\\/\\\/ibsal.es\\\/wp-content\\\/uploads\\\/2024\\\/11\\\/IMG-20241119-WA0019-R6VXZm2z31RPPzfSRHWBqjO-1200x840@Gaceta-Salamanca-e1732539803917.webp\",\"datePublished\":\"2024-11-21T13:01:05+00:00\",\"dateModified\":\"2025-03-10T17:29:35+00:00\",\"author\":{\"@id\":\"https:\\\/\\\/ibsal.es\\\/en\\\/#\\\/schema\\\/person\\\/34ba5672452d5f86b117e6cb49a6bb97\"},\"breadcrumb\":{\"@id\":\"https:\\\/\\\/ibsal.es\\\/en\\\/the-hospital-reaffirms-its-award-for-best-car-t-therapy-unit-in-spain-and-receives-two-more-awards\\\/#breadcrumb\"},\"inLanguage\":\"en-US\",\"potentialAction\":[{\"@type\":\"ReadAction\",\"target\":[\"https:\\\/\\\/ibsal.es\\\/en\\\/the-hospital-reaffirms-its-award-for-best-car-t-therapy-unit-in-spain-and-receives-two-more-awards\\\/\"]}]},{\"@type\":\"ImageObject\",\"inLanguage\":\"en-US\",\"@id\":\"https:\\\/\\\/ibsal.es\\\/en\\\/the-hospital-reaffirms-its-award-for-best-car-t-therapy-unit-in-spain-and-receives-two-more-awards\\\/#primaryimage\",\"url\":\"https:\\\/\\\/ibsal.es\\\/wp-content\\\/uploads\\\/2024\\\/11\\\/IMG-20241119-WA0019-R6VXZm2z31RPPzfSRHWBqjO-1200x840@Gaceta-Salamanca-e1732539803917.webp\",\"contentUrl\":\"https:\\\/\\\/ibsal.es\\\/wp-content\\\/uploads\\\/2024\\\/11\\\/IMG-20241119-WA0019-R6VXZm2z31RPPzfSRHWBqjO-1200x840@Gaceta-Salamanca-e1732539803917.webp\",\"width\":1200,\"height\":676},{\"@type\":\"BreadcrumbList\",\"@id\":\"https:\\\/\\\/ibsal.es\\\/en\\\/the-hospital-reaffirms-its-award-for-best-car-t-therapy-unit-in-spain-and-receives-two-more-awards\\\/#breadcrumb\",\"itemListElement\":[{\"@type\":\"ListItem\",\"position\":1,\"name\":\"Portada\",\"item\":\"https:\\\/\\\/ibsal.es\\\/en\\\/\"},{\"@type\":\"ListItem\",\"position\":2,\"name\":\"The Hospital reaffirms its award for best CAR-T Therapy Unit in Spain and receives two more awards\"}]},{\"@type\":\"WebSite\",\"@id\":\"https:\\\/\\\/ibsal.es\\\/en\\\/#website\",\"url\":\"https:\\\/\\\/ibsal.es\\\/en\\\/\",\"name\":\"IBSAL\",\"description\":\"Benchmarks in translational research in biomedicine in Castilla y Le\u00f3n\",\"alternateName\":\"Instituto de Investigaci\u00f3n Biom\u00e9dica de Salamanca\",\"potentialAction\":[{\"@type\":\"SearchAction\",\"target\":{\"@type\":\"EntryPoint\",\"urlTemplate\":\"https:\\\/\\\/ibsal.es\\\/en\\\/?s={search_term_string}\"},\"query-input\":{\"@type\":\"PropertyValueSpecification\",\"valueRequired\":true,\"valueName\":\"search_term_string\"}}],\"inLanguage\":\"en-US\"},{\"@type\":\"Person\",\"@id\":\"https:\\\/\\\/ibsal.es\\\/en\\\/#\\\/schema\\\/person\\\/34ba5672452d5f86b117e6cb49a6bb97\",\"name\":\"Sergi\",\"image\":{\"@type\":\"ImageObject\",\"inLanguage\":\"en-US\",\"@id\":\"https:\\\/\\\/secure.gravatar.com\\\/avatar\\\/528ac3b73275e0b7aaacef0c293ace2a4935f7e6f58f8b31465b2faf9ae5ed56?s=96&d=mm&r=g\",\"url\":\"https:\\\/\\\/secure.gravatar.com\\\/avatar\\\/528ac3b73275e0b7aaacef0c293ace2a4935f7e6f58f8b31465b2faf9ae5ed56?s=96&d=mm&r=g\",\"contentUrl\":\"https:\\\/\\\/secure.gravatar.com\\\/avatar\\\/528ac3b73275e0b7aaacef0c293ace2a4935f7e6f58f8b31465b2faf9ae5ed56?s=96&d=mm&r=g\",\"caption\":\"Sergi\"}}]}<\/script>\n<!-- \/ Yoast SEO Premium plugin. -->","yoast_head_json":{"title":"The Hospital reaffirms its award for best CAR-T Therapy Unit in Spain and receives two more awards | IBSAL","robots":{"index":"index","follow":"follow","max-snippet":"max-snippet:-1","max-image-preview":"max-image-preview:large","max-video-preview":"max-video-preview:-1"},"canonical":"https:\/\/ibsal.es\/en\/the-hospital-reaffirms-its-award-for-best-car-t-therapy-unit-in-spain-and-receives-two-more-awards\/","og_locale":"en_US","og_type":"article","og_title":"The Hospital reaffirms its award for best CAR-T Therapy Unit in Spain and receives two more awards","og_description":"The Complejo Asistencial Universitario de Salamanca harvests in a single afternoon three new distinctions at national level. The University Hospital of Salamanca has received in a single afternoon three awards [&hellip;]","og_url":"https:\/\/ibsal.es\/en\/the-hospital-reaffirms-its-award-for-best-car-t-therapy-unit-in-spain-and-receives-two-more-awards\/","og_site_name":"IBSAL","article_published_time":"2024-11-21T13:01:05+00:00","article_modified_time":"2025-03-10T17:29:35+00:00","og_image":[{"width":1200,"height":676,"url":"https:\/\/ibsal.es\/wp-content\/uploads\/2024\/11\/IMG-20241119-WA0019-R6VXZm2z31RPPzfSRHWBqjO-1200x840@Gaceta-Salamanca-e1732539803917.webp","type":"image\/webp"}],"author":"Sergi","twitter_card":"summary_large_image","twitter_misc":{"Written by":"Sergi","Est. reading time":"2 minutes"},"schema":{"@context":"https:\/\/schema.org","@graph":[{"@type":"Article","@id":"https:\/\/ibsal.es\/en\/the-hospital-reaffirms-its-award-for-best-car-t-therapy-unit-in-spain-and-receives-two-more-awards\/#article","isPartOf":{"@id":"https:\/\/ibsal.es\/en\/the-hospital-reaffirms-its-award-for-best-car-t-therapy-unit-in-spain-and-receives-two-more-awards\/"},"author":{"name":"Sergi","@id":"https:\/\/ibsal.es\/en\/#\/schema\/person\/34ba5672452d5f86b117e6cb49a6bb97"},"headline":"The Hospital reaffirms its award for best CAR-T Therapy Unit in Spain and receives two more awards","datePublished":"2024-11-21T13:01:05+00:00","dateModified":"2025-03-10T17:29:35+00:00","mainEntityOfPage":{"@id":"https:\/\/ibsal.es\/en\/the-hospital-reaffirms-its-award-for-best-car-t-therapy-unit-in-spain-and-receives-two-more-awards\/"},"wordCount":340,"image":{"@id":"https:\/\/ibsal.es\/en\/the-hospital-reaffirms-its-award-for-best-car-t-therapy-unit-in-spain-and-receives-two-more-awards\/#primaryimage"},"thumbnailUrl":"https:\/\/ibsal.es\/wp-content\/uploads\/2024\/11\/IMG-20241119-WA0019-R6VXZm2z31RPPzfSRHWBqjO-1200x840@Gaceta-Salamanca-e1732539803917.webp","keywords":["Awards"],"articleSection":["News"],"inLanguage":"en-US"},{"@type":"WebPage","@id":"https:\/\/ibsal.es\/en\/the-hospital-reaffirms-its-award-for-best-car-t-therapy-unit-in-spain-and-receives-two-more-awards\/","url":"https:\/\/ibsal.es\/en\/the-hospital-reaffirms-its-award-for-best-car-t-therapy-unit-in-spain-and-receives-two-more-awards\/","name":"The Hospital reaffirms its award for best CAR-T Therapy Unit in Spain and receives two more awards | IBSAL","isPartOf":{"@id":"https:\/\/ibsal.es\/en\/#website"},"primaryImageOfPage":{"@id":"https:\/\/ibsal.es\/en\/the-hospital-reaffirms-its-award-for-best-car-t-therapy-unit-in-spain-and-receives-two-more-awards\/#primaryimage"},"image":{"@id":"https:\/\/ibsal.es\/en\/the-hospital-reaffirms-its-award-for-best-car-t-therapy-unit-in-spain-and-receives-two-more-awards\/#primaryimage"},"thumbnailUrl":"https:\/\/ibsal.es\/wp-content\/uploads\/2024\/11\/IMG-20241119-WA0019-R6VXZm2z31RPPzfSRHWBqjO-1200x840@Gaceta-Salamanca-e1732539803917.webp","datePublished":"2024-11-21T13:01:05+00:00","dateModified":"2025-03-10T17:29:35+00:00","author":{"@id":"https:\/\/ibsal.es\/en\/#\/schema\/person\/34ba5672452d5f86b117e6cb49a6bb97"},"breadcrumb":{"@id":"https:\/\/ibsal.es\/en\/the-hospital-reaffirms-its-award-for-best-car-t-therapy-unit-in-spain-and-receives-two-more-awards\/#breadcrumb"},"inLanguage":"en-US","potentialAction":[{"@type":"ReadAction","target":["https:\/\/ibsal.es\/en\/the-hospital-reaffirms-its-award-for-best-car-t-therapy-unit-in-spain-and-receives-two-more-awards\/"]}]},{"@type":"ImageObject","inLanguage":"en-US","@id":"https:\/\/ibsal.es\/en\/the-hospital-reaffirms-its-award-for-best-car-t-therapy-unit-in-spain-and-receives-two-more-awards\/#primaryimage","url":"https:\/\/ibsal.es\/wp-content\/uploads\/2024\/11\/IMG-20241119-WA0019-R6VXZm2z31RPPzfSRHWBqjO-1200x840@Gaceta-Salamanca-e1732539803917.webp","contentUrl":"https:\/\/ibsal.es\/wp-content\/uploads\/2024\/11\/IMG-20241119-WA0019-R6VXZm2z31RPPzfSRHWBqjO-1200x840@Gaceta-Salamanca-e1732539803917.webp","width":1200,"height":676},{"@type":"BreadcrumbList","@id":"https:\/\/ibsal.es\/en\/the-hospital-reaffirms-its-award-for-best-car-t-therapy-unit-in-spain-and-receives-two-more-awards\/#breadcrumb","itemListElement":[{"@type":"ListItem","position":1,"name":"Portada","item":"https:\/\/ibsal.es\/en\/"},{"@type":"ListItem","position":2,"name":"The Hospital reaffirms its award for best CAR-T Therapy Unit in Spain and receives two more awards"}]},{"@type":"WebSite","@id":"https:\/\/ibsal.es\/en\/#website","url":"https:\/\/ibsal.es\/en\/","name":"IBSAL","description":"Benchmarks in translational research in biomedicine in Castilla y Le\u00f3n","alternateName":"Instituto de Investigaci\u00f3n Biom\u00e9dica de Salamanca","potentialAction":[{"@type":"SearchAction","target":{"@type":"EntryPoint","urlTemplate":"https:\/\/ibsal.es\/en\/?s={search_term_string}"},"query-input":{"@type":"PropertyValueSpecification","valueRequired":true,"valueName":"search_term_string"}}],"inLanguage":"en-US"},{"@type":"Person","@id":"https:\/\/ibsal.es\/en\/#\/schema\/person\/34ba5672452d5f86b117e6cb49a6bb97","name":"Sergi","image":{"@type":"ImageObject","inLanguage":"en-US","@id":"https:\/\/secure.gravatar.com\/avatar\/528ac3b73275e0b7aaacef0c293ace2a4935f7e6f58f8b31465b2faf9ae5ed56?s=96&d=mm&r=g","url":"https:\/\/secure.gravatar.com\/avatar\/528ac3b73275e0b7aaacef0c293ace2a4935f7e6f58f8b31465b2faf9ae5ed56?s=96&d=mm&r=g","contentUrl":"https:\/\/secure.gravatar.com\/avatar\/528ac3b73275e0b7aaacef0c293ace2a4935f7e6f58f8b31465b2faf9ae5ed56?s=96&d=mm&r=g","caption":"Sergi"}}]}},"_links":{"self":[{"href":"https:\/\/ibsal.es\/en\/wp-json\/wp\/v2\/posts\/6747","targetHints":{"allow":["GET"]}}],"collection":[{"href":"https:\/\/ibsal.es\/en\/wp-json\/wp\/v2\/posts"}],"about":[{"href":"https:\/\/ibsal.es\/en\/wp-json\/wp\/v2\/types\/post"}],"author":[{"embeddable":true,"href":"https:\/\/ibsal.es\/en\/wp-json\/wp\/v2\/users\/3"}],"replies":[{"embeddable":true,"href":"https:\/\/ibsal.es\/en\/wp-json\/wp\/v2\/comments?post=6747"}],"version-history":[{"count":0,"href":"https:\/\/ibsal.es\/en\/wp-json\/wp\/v2\/posts\/6747\/revisions"}],"wp:featuredmedia":[{"embeddable":true,"href":"https:\/\/ibsal.es\/en\/wp-json\/wp\/v2\/media\/6342"}],"wp:attachment":[{"href":"https:\/\/ibsal.es\/en\/wp-json\/wp\/v2\/media?parent=6747"}],"wp:term":[{"taxonomy":"category","embeddable":true,"href":"https:\/\/ibsal.es\/en\/wp-json\/wp\/v2\/categories?post=6747"},{"taxonomy":"post_tag","embeddable":true,"href":"https:\/\/ibsal.es\/en\/wp-json\/wp\/v2\/tags?post=6747"}],"curies":[{"name":"wp","href":"https:\/\/api.w.org\/{rel}","templated":true}]}}